[{"@context":"https:\/\/schema.org\/","@type":"Article","@id":"https:\/\/www.dipoz.cz\/stylove-pradelny\/#Article","mainEntityOfPage":"https:\/\/www.dipoz.cz\/stylove-pradelny\/","headline":"Stylov\u00e9 pr\u00e1delny.","name":"Stylov\u00e9 pr\u00e1delny.","description":"V\u011bt\u0161ina dom\u016f, kter\u00e9 se v dne\u0161n\u00ed dob\u011b stav\u00ed, si nech\u00e1vaj\u00ed ud\u011blat jednu technickou m\u00edstnost, kterou m\u00e1te na pra\u010dku a su\u0161i\u010dku a na uklizen\u00ed v\u0161ech pot\u0159ebn\u00fdch v\u011bc\u00ed. Ale z\u00e1rove\u0148 mus\u00ed slou\u017eit jako su\u0161\u00e1rna, kde se bude d\u00e1t su\u0161it pot\u0159ebn\u00e9 oble\u010den\u00ed i kdy\u017e venku bude \u0161kared\u011b. Ano v\u011bt\u0161ina lid\u00ed m\u00e1 su\u0161i\u010dky na oble\u010den\u00ed, ale i ze su\u0161i\u010dky [&hellip;]","datePublished":"2024-02-19","dateModified":"2024-03-22","author":{"@type":"Person","@id":"https:\/\/www.dipoz.cz\/author\/#Person","name":"","url":"https:\/\/www.dipoz.cz\/author\/","identifier":1,"image":{"@type":"ImageObject","@id":"https:\/\/secure.gravatar.com\/avatar\/f7320ca526354d2794ceb75173050bfa147af8617816df401a16569341b5fbaf?s=96&d=mm&r=g","url":"https:\/\/secure.gravatar.com\/avatar\/f7320ca526354d2794ceb75173050bfa147af8617816df401a16569341b5fbaf?s=96&d=mm&r=g","height":96,"width":96}},"publisher":{"@type":"Organization","name":"dipoz.cz","logo":{"@type":"ImageObject","@id":"\/logo.png","url":"\/logo.png","width":600,"height":60}},"image":{"@type":"ImageObject","@id":"https:\/\/www.dipoz.cz\/wp-content\/uploads\/pexels-rachel-claire-4993073_1.jpg","url":"https:\/\/www.dipoz.cz\/wp-content\/uploads\/pexels-rachel-claire-4993073_1.jpg","height":0,"width":0},"url":"https:\/\/www.dipoz.cz\/stylove-pradelny\/","about":["Produkty"],"wordCount":477,"articleBody":"   V\u011bt\u0161ina dom\u016f, kter\u00e9 se v dne\u0161n\u00ed dob\u011b stav\u00ed, si nech\u00e1vaj\u00ed ud\u011blat jednu technickou m\u00edstnost, kterou m\u00e1te na pra\u010dku a su\u0161i\u010dku a na uklizen\u00ed v\u0161ech pot\u0159ebn\u00fdch v\u011bc\u00ed. Ale z\u00e1rove\u0148 mus\u00ed slou\u017eit jako su\u0161\u00e1rna, kde se bude d\u00e1t su\u0161it pot\u0159ebn\u00e9 oble\u010den\u00ed i kdy\u017e venku bude \u0161kared\u011b. Ano v\u011bt\u0161ina lid\u00ed m\u00e1 su\u0161i\u010dky na oble\u010den\u00ed, ale i ze su\u0161i\u010dky se v\u00e1m sem tam m\u016f\u017ee st\u00e1t, \u017ee oble\u010den\u00ed je nap\u0159\u00edklad vlhk\u00e9 a je\u0161t\u011b chce n\u011bjakou dobu na doschnut\u00ed. Nemus\u00edte tak rozd\u011bl\u00e1vat su\u0161\u00e1k, ale m\u00edt v\u0161e v jedn\u00e9 m\u00edstnosti. Vytvo\u0159te si tuto m\u00edstnost tak, aby byla pro v\u00e1s co nejv\u00edc komfortn\u00ed. Hlavn\u00edm bodem jsou elektrick\u00e1 za\u0159\u00edzen\u00ed, kter\u00fdmi je pr\u00e1v\u011b pra\u010dka a su\u0161i\u010dka, ale nesm\u00edte zapom\u00ednat na umyvadlo, kter\u00e9 se v\u00e1m bude hodit na p\u0159epr\u00e1n\u00ed n\u011bkter\u00fdch v\u011bc\u00ed v ruce, ne\u017e je hod\u00edte do pra\u010dky, ka\u017ed\u00fd, kdo m\u00e1 mal\u00e9 d\u011bti v\u00ed, o \u010dem mluv\u00edm. P\u0159ece jenom nehody se st\u00e1vaj\u00ed a n\u011bkdy je ru\u010dn\u00ed p\u0159epr\u00e1n\u00ed v umyvadle pot\u0159eba. Pak u\u017e jen dopl\u0148te m\u00edstnost pot\u0159ebn\u00fdmi sk\u0159\u00edn\u011bmi na m\u00edru Sten-skrine.cza mo\u017en\u00fdmi su\u0161\u00edc\u00edmi plochy. Na jedn\u00e9 stran\u011b u pra\u010dky mohu b\u00fdt sk\u0159\u00edn\u011b na m\u00edru, kde je pra\u010dka schovan\u00e1 a nic j\u00ed nezavaz\u00ed, ale vedle m\u00e1te hned sk\u0159\u00ed\u0148, kde m\u016f\u017eete odkl\u00e1dat do ko\u0161e \u0161pinav\u00e9 pr\u00e1dlo anebo pracovn\u00ed plochu, kde budete moci p\u0159e\u017eehlit n\u011bkter\u00e9 z vybran\u00fdch kousk\u016f. D\u00e1le jsou zapot\u0159eb\u00ed, n\u011bjak\u00e9 uzav\u0159en\u00e9 sk\u0159\u00edn\u011b na v\u0161echny prac\u00ed pr\u00e1\u0161ky aviv\u00e1\u017ee a dal\u0161\u00ed v\u011bci, kter\u00e9 nen\u00ed dobr\u00e9 m\u00edt jen tak n\u011bkde polo\u017een\u00e9. Sk\u0159\u00edn\u011b na m\u00edru v\u00e1m v\u0161e kr\u00e1sn\u011b schovaj\u00ed a vy tak budete m\u00edt p\u011bkn\u00fd a ni\u010d\u00edm neru\u0161en\u00fd prostor. Zat\u00edm co na druh\u00e9 stran\u011b mohou b\u00fdt n\u00e1st\u011bnn\u00e9 su\u0161\u00e1ky, kter\u00e9 se daj\u00ed jednodu\u0161e schovat a op\u011bt rozlo\u017eit. Budete tak m\u00edt st\u00e1le p\u0159ipraven\u00e9 m\u00edsto na dosu\u0161en\u00ed nebo pov\u011b\u0161en\u00ed pr\u00e1v\u011b vy\u017eehlen\u00fdch v\u011bc\u00ed, kter\u00e9 si budete br\u00e1t na ve\u010dern\u00ed akci. Budete m\u00edt jistotu, \u017ee v pr\u00e1deln\u011b se jim do ve\u010dera nic nestane a ani se nepoma\u010dkaj\u00ed. Dokonal\u00e1 pr\u00e1delna je ji\u017e mo\u017en\u00e1. Sta\u010d\u00ed si naj\u00edt \u010das a zap\u0159em\u00fd\u0161let jak by mohla ta va\u0161e pr\u00e1v\u011b vypadat. Nechte se inspirovat a ud\u011blejte si j\u00ed praktickou a elegantn\u00ed.                                                                                                                                                                                                                                                                                                                                                                                           4.3\/5 - (6 votes)        "},{"@context":"https:\/\/schema.org\/","@type":"BreadcrumbList","itemListElement":[{"@type":"ListItem","position":1,"name":"Stylov\u00e9 pr\u00e1delny.","item":"https:\/\/www.dipoz.cz\/stylove-pradelny\/#breadcrumbitem"}]}]