[{"@context":"https:\/\/schema.org\/","@type":"Article","@id":"https:\/\/www.dipoz.cz\/chci-umet-na-pocitaci\/#Article","mainEntityOfPage":"https:\/\/www.dipoz.cz\/chci-umet-na-pocitaci\/","headline":"Chci um\u011bt na po\u010d\u00edta\u010di","name":"Chci um\u011bt na po\u010d\u00edta\u010di","description":"Pr\u00e1ce s webov\u00fdmi str\u00e1nkami je pro n\u011bkoho opravdu hodn\u011b n\u00e1ro\u010dn\u00e1. J\u00e1 sama si nedok\u00e1\u017eu p\u0159edstavit, kdybych t\u0159eba v\u016fbec neum\u011bla zach\u00e1zet s po\u010d\u00edta\u010dem\u00a0nebo kdyby to pro m\u011b bylo velice n\u00e1ro\u010dn\u00e9. Zn\u00e1m\u00a0ale hodn\u011b lid\u00ed, kte\u0159\u00ed si mysl\u00ed, \u017ee na po\u010d\u00edta\u010di um\u00ed zach\u00e1zet opravdu dokonale, ale potom, kdy\u017e jde do tuh\u00e9ho, tak i oni sami zjist\u00ed, \u017ee t\u00e9m\u011b\u0159 [&hellip;]","datePublished":"2024-02-28","dateModified":"2024-02-28","author":{"@type":"Person","@id":"https:\/\/www.dipoz.cz\/author\/#Person","name":"","url":"https:\/\/www.dipoz.cz\/author\/","identifier":1,"image":{"@type":"ImageObject","@id":"https:\/\/secure.gravatar.com\/avatar\/f7320ca526354d2794ceb75173050bfa147af8617816df401a16569341b5fbaf?s=96&d=mm&r=g","url":"https:\/\/secure.gravatar.com\/avatar\/f7320ca526354d2794ceb75173050bfa147af8617816df401a16569341b5fbaf?s=96&d=mm&r=g","height":96,"width":96}},"publisher":{"@type":"Organization","name":"dipoz.cz","logo":{"@type":"ImageObject","@id":"\/logo.png","url":"\/logo.png","width":600,"height":60}},"image":{"@type":"ImageObject","@id":"https:\/\/www.dipoz.cz\/wp-content\/uploads\/woman-731894_1280_5.jpg","url":"https:\/\/www.dipoz.cz\/wp-content\/uploads\/woman-731894_1280_5.jpg","height":0,"width":0},"url":"https:\/\/www.dipoz.cz\/chci-umet-na-pocitaci\/","about":["Web"],"wordCount":439,"articleBody":"Pr\u00e1ce s webov\u00fdmi str\u00e1nkami je pro n\u011bkoho opravdu hodn\u011b n\u00e1ro\u010dn\u00e1. J\u00e1 sama si nedok\u00e1\u017eu p\u0159edstavit, kdybych t\u0159eba v\u016fbec neum\u011bla zach\u00e1zet s po\u010d\u00edta\u010dem\u00a0nebo kdyby to pro m\u011b bylo velice n\u00e1ro\u010dn\u00e9. Zn\u00e1m\u00a0ale hodn\u011b lid\u00ed, kte\u0159\u00ed si mysl\u00ed, \u017ee na po\u010d\u00edta\u010di um\u00ed zach\u00e1zet opravdu dokonale, ale potom, kdy\u017e jde do tuh\u00e9ho, tak i oni sami zjist\u00ed, \u017ee t\u00e9m\u011b\u0159 nic neum\u00ed, \u017ee\u00a0t\u0159eba, p\u0159ecenili sv\u00e9 s\u00edly anebo p\u0159ecenili\u00a0sv\u00e9 znalosti a potom se dozv\u00ed, \u017ee v\u016fbec nic neum\u00ed. A to hlavn\u011b, pokud t\u0159eba maj\u00ed takov\u00e9 zam\u011bstn\u00e1n\u00ed, kde je pot\u0159eba, aby \u010dlov\u011bk tak\u00e9 um\u011bl s n\u011b\u010d\u00edm pracovat, aby \u010dlov\u011bk dok\u00e1zal,\u00a0jak pracuje\u00a0na po\u010d\u00edta\u010di anebo vlastn\u011b jak se co d\u011bl\u00e1.J\u00e1 jsem tak\u00e9 d\u0159\u00edve cht\u011bla studovat n\u011bjakou \u0161kolu, kde se pr\u00e1v\u011b vyu\u010duj\u00ed po\u010d\u00edta\u010de. A\u00a0to hlavn\u011b po\u010d\u00edta\u010de. A tak\u00e9 samoz\u0159ejm\u011b n\u011bkdy chemie a fyzika. Proto\u017ee tyhle t\u0159i p\u0159edm\u011bty m\u011b velice moc bavily a nesta\u010dilo mi to na st\u0159edn\u00ed \u0161kole. Cht\u011bla jsem potom studovat je\u0161t\u011b vysokou technickou fakultu, ale bohu\u017eel jsem\u00a0se tam nedostala. Neud\u011blala jsem \u017e\u00e1dn\u00e9 p\u0159ij\u00edmac\u00ed \u0159\u00edzen\u00ed, i kdy\u017e jsem si opravdu hodn\u011b v\u011b\u0159ila, tak\u00e9 jsem se na to hodn\u011b u\u010dila, ale bohu\u017eel moje v\u011bdomosti mi\u00a0k tomu v\u016fbec nesta\u010dily. Ani nev\u00edte, jak moc jsem byla na\u0161tvan\u00e1 a tak\u00e9 z\u00e1rove\u0148 ne\u0161\u0165astn\u00e1. Proto\u017ee se mi tohle v\u016fbec nepoda\u0159ilo.Byla jsem z toho opravdu smutn\u00e1. Nev\u011bd\u011bla jsem, co m\u00e1m d\u011blat anebo jak vlastn\u011b se zachovat, abych n\u011bco v\u011bd\u011bla. Cht\u011bla jsem tak\u00e9 nav\u0161t\u011bvovat r\u016fzn\u00e9 po\u010d\u00edta\u010dov\u00e9 kurzy, ale bohu\u017eel jsem \u017e\u00e1dn\u00fd nena\u0161la, kter\u00fd by mi finan\u010dn\u011b vyhovoval. V\u0161echny po\u010d\u00edta\u010dov\u00e9 kurzy byly pro m\u011b opravdu hodn\u011b drah\u00e9 a nev\u011bd\u011bla jsem si rady. Nev\u011bd\u011bla jsem, co m\u00e1m ud\u011blat, a tak jsem se styd\u011bla tak\u00e9 p\u0159ihl\u00e1sit do n\u011bjak\u00e9ho po\u010d\u00edta\u010dov\u00e9ho kurzu. Rad\u011bji jsem se zeptala bratra kamar\u00e1da, jestli by mi neporadil\u00a0nebo jestli by mi t\u0159eba nevysv\u011btlil n\u011bjak\u00e9 po\u010d\u00edta\u010dov\u00e9 situace a dal\u0161\u00ed praktick\u00e9 funkce a znalosti na po\u010d\u00edta\u010di. A \u0159ekl\u00a0mi znalostmi na po\u010d\u00edta\u010di,\u00a0kter\u00fdmi bych mohla t\u0159eba v budouc\u00edm zam\u011bstn\u00e1n\u00ed zaz\u00e1\u0159it.\u00a0                                                                                                                                                                                                                                                                                                                                                                                         3.8\/5 - (16 votes)        "},{"@context":"https:\/\/schema.org\/","@type":"BreadcrumbList","itemListElement":[{"@type":"ListItem","position":1,"name":"Chci um\u011bt na po\u010d\u00edta\u010di","item":"https:\/\/www.dipoz.cz\/chci-umet-na-pocitaci\/#breadcrumbitem"}]}]